{"id":527,"date":"2018-03-16T10:32:30","date_gmt":"2018-03-16T09:32:30","guid":{"rendered":"http:\/\/derteibinger.at\/wordpress\/?p=527"},"modified":"2018-07-30T10:36:18","modified_gmt":"2018-07-30T08:36:18","slug":"527","status":"publish","type":"post","link":"https:\/\/derteibinger.at\/wordpress\/2018\/03\/16\/527\/","title":{"rendered":""},"content":{"rendered":"<p><strong>der:<span style=\"color: #e30600;\">Lehrende<\/span><\/strong><\/p>\n<p>Vier junge motivierte Zimmerer haben mit Auszeichnung die Bauhandwerkerschule an der Camillo Sitte Lehranstalt abgeschlossen.<img data-attachment-id=\"528\" data-permalink=\"https:\/\/derteibinger.at\/wordpress\/2018\/03\/16\/527\/zm_kk\/\" data-orig-file=\"https:\/\/i0.wp.com\/derteibinger.at\/wordpress\/wp-content\/uploads\/2018\/07\/ZM_kk.png?fit=651%2C300&amp;ssl=1\" data-orig-size=\"651,300\" data-comments-opened=\"0\" data-image-meta=\"{&quot;aperture&quot;:&quot;0&quot;,&quot;credit&quot;:&quot;&quot;,&quot;camera&quot;:&quot;&quot;,&quot;caption&quot;:&quot;&quot;,&quot;created_timestamp&quot;:&quot;0&quot;,&quot;copyright&quot;:&quot;&quot;,&quot;focal_length&quot;:&quot;0&quot;,&quot;iso&quot;:&quot;0&quot;,&quot;shutter_speed&quot;:&quot;0&quot;,&quot;title&quot;:&quot;&quot;,&quot;orientation&quot;:&quot;0&quot;}\" data-image-title=\"ZM_kk\" data-image-description=\"\" data-image-caption=\"\" data-medium-file=\"https:\/\/i0.wp.com\/derteibinger.at\/wordpress\/wp-content\/uploads\/2018\/07\/ZM_kk.png?fit=300%2C138&amp;ssl=1\" data-large-file=\"https:\/\/i0.wp.com\/derteibinger.at\/wordpress\/wp-content\/uploads\/2018\/07\/ZM_kk.png?fit=640%2C295&amp;ssl=1\" loading=\"lazy\" class=\"size-full wp-image-528 alignleft\" src=\"https:\/\/i0.wp.com\/derteibinger.at\/wordpress\/wp-content\/uploads\/2018\/07\/ZM_kk.png?resize=640%2C295\" alt=\"\" width=\"640\" height=\"295\" srcset=\"https:\/\/i0.wp.com\/derteibinger.at\/wordpress\/wp-content\/uploads\/2018\/07\/ZM_kk.png?w=651&amp;ssl=1 651w, https:\/\/i0.wp.com\/derteibinger.at\/wordpress\/wp-content\/uploads\/2018\/07\/ZM_kk.png?resize=300%2C138&amp;ssl=1 300w\" sizes=\"(max-width: 640px) 100vw, 640px\" data-recalc-dims=\"1\" \/><\/p>\n","protected":false},"excerpt":{"rendered":"<p>der:Lehrende Vier junge motivierte Zimmerer haben mit Auszeichnung die Bauhandwerkerschule an der Camillo Sitte Lehranstalt abgeschlossen.<\/p>\n","protected":false},"author":2,"featured_media":0,"comment_status":"closed","ping_status":"open","sticky":false,"template":"","format":"standard","meta":{"ngg_post_thumbnail":0,"jetpack_post_was_ever_published":false,"jetpack_publicize_message":"","jetpack_is_tweetstorm":false,"jetpack_publicize_feature_enabled":true,"jetpack_social_post_already_shared":true,"jetpack_social_options":{"image_generator_settings":{"template":"highway","enabled":false}}},"categories":[1],"tags":[],"jetpack_publicize_connections":[],"jetpack_featured_media_url":"","jetpack_sharing_enabled":true,"jetpack_shortlink":"https:\/\/wp.me\/s8k7pI-527","jetpack-related-posts":[{"id":359,"url":"https:\/\/derteibinger.at\/wordpress\/2017\/02\/28\/camillo-sitte-symposium\/","url_meta":{"origin":527,"position":0},"title":"Camillo Sitte Symposium","date":"28. Februar 2017","format":false,"excerpt":"der:Ausbildner Besichtigung der Sanierung des Dachstuhles und der Errichtung der Holzbetonverbunddecke der Zahnklinik in der Sensengasse im Rahmen des Camillo Sitte Symposiums. weitere Infos unter: https:\/\/9camillosittesymposium.com\/","rel":"","context":"In &quot;Aktuelles&quot;","img":{"alt_text":"","src":"","width":0,"height":0},"classes":[]},{"id":557,"url":"https:\/\/derteibinger.at\/wordpress\/2019\/02\/01\/11-camillo-sitte-symposium-energie\/","url_meta":{"origin":527,"position":1},"title":"11. Camillo Sitte Symposium &#8222;Energie&#8220;","date":"1. Februar 2019","format":false,"excerpt":"der: Ausbildner Von 25.02. - 01.03.2019 findet das 11. Camillo Sitte Symposium statt. Das diesj\u00e4hrige Thema lautet \"Energie\". Die Lehrenden fordern f\u00fcr heutiges und zuk\u00fcnftiges Bauen \"form follows energy\". Details zur Veranstaltung k\u00f6nnen https:\/\/www.bautechnikum.at\/bautechnikum\/symposium\/11-camillo-sitte-symposium\/ entnommen werden.","rel":"","context":"In &quot;Aktuelles&quot;","img":{"alt_text":"","src":"","width":0,"height":0},"classes":[]},{"id":411,"url":"https:\/\/derteibinger.at\/wordpress\/2017\/05\/05\/detailentwicklung\/","url_meta":{"origin":527,"position":2},"title":"Detailentwicklung","date":"5. Mai 2017","format":false,"excerpt":"der:Ausbildner Im Rahmen des Unterrichts wurden mit den Sch\u00fclerInnen der 4HE der HTL Wien 3 Camillo Sitte mit Hilfe eines Stecksystems Anschlussdetails aus bauphysikalischer und holzbautechnischer Sicht erarbeitet. Der Unterricht bereitete allen Beteiligten sichtlich viel Freude. \u00a0","rel":"","context":"In &quot;Aktuelles&quot;","img":{"alt_text":"","src":"https:\/\/i0.wp.com\/derteibinger.at\/wordpress\/wp-content\/uploads\/2017\/05\/Detailanschluss.jpg?resize=350%2C200","width":350,"height":200},"classes":[]},{"id":460,"url":"https:\/\/derteibinger.at\/wordpress\/2017\/10\/01\/holzfeuchtemessung\/","url_meta":{"origin":527,"position":3},"title":"Holzfeuchtemessung","date":"1. Oktober 2017","format":false,"excerpt":"der:Berater Untersuchungen zur Bestimmung der Referenzkurve f\u00fcr ein Messsystem zur Bestimmung der Holzfeuchte f\u00fcr das Geb\u00e4udemonitoring von beispielsweise \"Flachdachkonstruktionen\" im Rahmen eines Innovationsscheckes der FFG an der Camillo Sitte Versuchsanstalt f\u00fcr Bautechnik.","rel":"","context":"In &quot;Aktuelles&quot;","img":{"alt_text":"","src":"https:\/\/i0.wp.com\/derteibinger.at\/wordpress\/wp-content\/uploads\/2017\/10\/IMG_3319_k.jpg?resize=350%2C200","width":350,"height":200},"classes":[]},{"id":594,"url":"https:\/\/derteibinger.at\/wordpress\/2019\/04\/25\/594\/","url_meta":{"origin":527,"position":4},"title":"der:Ausbildner Modell der Abschlussklasse der\u2026","date":"25. April 2019","format":false,"excerpt":"der:Ausbildner Modell der Abschlussklasse der Bauhandwerker des Bautechnikums Camillo Sitte zur Neugestaltung touristischer Geb\u00e4ude in Lunz am See. Informationen zum Bautechnikum unter: https:\/\/www.bautechnikum.at\/","rel":"","context":"In &quot;Aktuelles&quot;","img":{"alt_text":"","src":"https:\/\/i0.wp.com\/derteibinger.at\/wordpress\/wp-content\/uploads\/2020\/01\/20190315_124550_Bauhandwerker_Abschluss.jpg?resize=350%2C200","width":350,"height":200},"classes":[]},{"id":432,"url":"https:\/\/derteibinger.at\/wordpress\/2017\/06\/14\/scherversuche-holzbetonverbund\/","url_meta":{"origin":527,"position":5},"title":"Scherversuche Holzbetonverbund","date":"14. Juni 2017","format":false,"excerpt":"der:Berater Erste Scherversuche an Holzbetonverbundelementen im Rahmen des Innovationsschecks einer \u00f6sterreichischen Softwarefirma f\u00fcr Holzbaustatik an der Camillo Sitte Versuchsanstalt f\u00fcr Bautechnik.","rel":"","context":"In &quot;Aktuelles&quot;","img":{"alt_text":"","src":"","width":0,"height":0},"classes":[]}],"_links":{"self":[{"href":"https:\/\/derteibinger.at\/wordpress\/wp-json\/wp\/v2\/posts\/527"}],"collection":[{"href":"https:\/\/derteibinger.at\/wordpress\/wp-json\/wp\/v2\/posts"}],"about":[{"href":"https:\/\/derteibinger.at\/wordpress\/wp-json\/wp\/v2\/types\/post"}],"author":[{"embeddable":true,"href":"https:\/\/derteibinger.at\/wordpress\/wp-json\/wp\/v2\/users\/2"}],"replies":[{"embeddable":true,"href":"https:\/\/derteibinger.at\/wordpress\/wp-json\/wp\/v2\/comments?post=527"}],"version-history":[{"count":1,"href":"https:\/\/derteibinger.at\/wordpress\/wp-json\/wp\/v2\/posts\/527\/revisions"}],"predecessor-version":[{"id":529,"href":"https:\/\/derteibinger.at\/wordpress\/wp-json\/wp\/v2\/posts\/527\/revisions\/529"}],"wp:attachment":[{"href":"https:\/\/derteibinger.at\/wordpress\/wp-json\/wp\/v2\/media?parent=527"}],"wp:term":[{"taxonomy":"category","embeddable":true,"href":"https:\/\/derteibinger.at\/wordpress\/wp-json\/wp\/v2\/categories?post=527"},{"taxonomy":"post_tag","embeddable":true,"href":"https:\/\/derteibinger.at\/wordpress\/wp-json\/wp\/v2\/tags?post=527"}],"curies":[{"name":"wp","href":"https:\/\/api.w.org\/{rel}","templated":true}]}}