{"id":1209,"date":"2024-09-10T11:47:00","date_gmt":"2024-09-10T09:47:00","guid":{"rendered":"https:\/\/derteibinger.at\/wordpress\/?p=1209"},"modified":"2025-06-18T11:47:57","modified_gmt":"2025-06-18T09:47:57","slug":"1209","status":"publish","type":"post","link":"https:\/\/derteibinger.at\/wordpress\/2024\/09\/10\/1209\/","title":{"rendered":""},"content":{"rendered":"\n<div class=\"wp-block-media-text alignwide has-media-on-the-right is-stacked-on-mobile\"><figure class=\"wp-block-media-text__media\"><img data-attachment-id=\"1210\" data-permalink=\"https:\/\/derteibinger.at\/wordpress\/2024\/09\/10\/1209\/sami\/\" data-orig-file=\"https:\/\/i0.wp.com\/derteibinger.at\/wordpress\/wp-content\/uploads\/2025\/06\/Sami.jpg?fit=350%2C263&amp;ssl=1\" data-orig-size=\"350,263\" data-comments-opened=\"0\" data-image-meta=\"{&quot;aperture&quot;:&quot;1.8&quot;,&quot;credit&quot;:&quot;&quot;,&quot;camera&quot;:&quot;FP4&quot;,&quot;caption&quot;:&quot;&quot;,&quot;created_timestamp&quot;:&quot;1725981990&quot;,&quot;copyright&quot;:&quot;&quot;,&quot;focal_length&quot;:&quot;5.58&quot;,&quot;iso&quot;:&quot;112&quot;,&quot;shutter_speed&quot;:&quot;0.001043&quot;,&quot;title&quot;:&quot;&quot;,&quot;orientation&quot;:&quot;0&quot;}\" data-image-title=\"Sami\" data-image-description=\"\" data-image-caption=\"\" data-medium-file=\"https:\/\/i0.wp.com\/derteibinger.at\/wordpress\/wp-content\/uploads\/2025\/06\/Sami.jpg?fit=300%2C225&amp;ssl=1\" data-large-file=\"https:\/\/i0.wp.com\/derteibinger.at\/wordpress\/wp-content\/uploads\/2025\/06\/Sami.jpg?fit=350%2C263&amp;ssl=1\" loading=\"lazy\" width=\"350\" height=\"263\" src=\"https:\/\/i0.wp.com\/derteibinger.at\/wordpress\/wp-content\/uploads\/2025\/06\/Sami.jpg?resize=350%2C263&#038;ssl=1\" alt=\"\" class=\"wp-image-1210 size-full\" srcset=\"https:\/\/i0.wp.com\/derteibinger.at\/wordpress\/wp-content\/uploads\/2025\/06\/Sami.jpg?w=350&amp;ssl=1 350w, https:\/\/i0.wp.com\/derteibinger.at\/wordpress\/wp-content\/uploads\/2025\/06\/Sami.jpg?resize=300%2C225&amp;ssl=1 300w\" sizes=\"(max-width: 350px) 100vw, 350px\" data-recalc-dims=\"1\" \/><\/figure><div class=\"wp-block-media-text__content\">\n<p class=\"has-vivid-red-color has-text-color\"><strong>der:Staunende<\/strong><\/p>\n\n\n\n<p>einfaches Bauwerk aus Naturwerkstoffen der Sami People in Kautokeino<\/p>\n<\/div><\/div>\n","protected":false},"excerpt":{"rendered":"<p>der:Staunende einfaches Bauwerk aus Naturwerkstoffen der Sami People in Kautokeino<\/p>\n","protected":false},"author":1,"featured_media":0,"comment_status":"closed","ping_status":"open","sticky":false,"template":"","format":"standard","meta":{"ngg_post_thumbnail":0,"jetpack_post_was_ever_published":false,"jetpack_publicize_message":"","jetpack_is_tweetstorm":false,"jetpack_publicize_feature_enabled":true,"jetpack_social_post_already_shared":true,"jetpack_social_options":{"image_generator_settings":{"template":"highway","enabled":false}}},"categories":[1],"tags":[],"jetpack_publicize_connections":[],"jetpack_featured_media_url":"","jetpack_sharing_enabled":true,"jetpack_shortlink":"https:\/\/wp.me\/s8k7pI-1209","jetpack-related-posts":[{"id":1246,"url":"https:\/\/derteibinger.at\/wordpress\/2025\/12\/19\/1246\/","url_meta":{"origin":1209,"position":0},"title":"der:Lehrende Studierende der TU Wien\u2026","date":"19. Dezember 2025","format":false,"excerpt":"der:Lehrende Studierende der TU Wien entwerfen und bauen aus \"Abfallmaterialien\" in der Halle der Materialnomaden Muster von Bauteilen. Re:Use im Ma\u00dfstab 1:1.","rel":"","context":"In &quot;Aktuelles&quot;","img":{"alt_text":"","src":"https:\/\/i0.wp.com\/derteibinger.at\/wordpress\/wp-content\/uploads\/2026\/02\/TU_IMG_20251128_110716-scaled.jpg?resize=350%2C200&ssl=1","width":350,"height":200},"classes":[]},{"id":1240,"url":"https:\/\/derteibinger.at\/wordpress\/2026\/02\/02\/1240\/","url_meta":{"origin":1209,"position":1},"title":"der:Vortragende Gemeinsam mit DI Dr.\u2026","date":"2. Februar 2026","format":false,"excerpt":"der:Vortragende Gemeinsam mit DI Dr. Andreas Ringhofer werde ich die TeilnehmerInnen bei der Erarbeitung baupraktischer L\u00f6sungen aus Sicht der Tragwerksplanung und der Bauphysik unterst\u00fctzen. Ein neues Seminarformat der Firma SIHGA zum Mitmachen, Hinterfragen, Ausprobieren und Fachsimpeln. Details:\u00a0https:\/\/www.sihga.com\/events\/sihga-academy\/","rel":"","context":"In &quot;Aktuelles&quot;","img":{"alt_text":"","src":"https:\/\/i0.wp.com\/derteibinger.at\/wordpress\/wp-content\/uploads\/2026\/02\/Sihga_Screenshot-2026-02-07-135140-1.png?resize=350%2C200&ssl=1","width":350,"height":200},"classes":[]},{"id":411,"url":"https:\/\/derteibinger.at\/wordpress\/2017\/05\/05\/detailentwicklung\/","url_meta":{"origin":1209,"position":2},"title":"Detailentwicklung","date":"5. Mai 2017","format":false,"excerpt":"der:Ausbildner Im Rahmen des Unterrichts wurden mit den Sch\u00fclerInnen der 4HE der HTL Wien 3 Camillo Sitte mit Hilfe eines Stecksystems Anschlussdetails aus bauphysikalischer und holzbautechnischer Sicht erarbeitet. Der Unterricht bereitete allen Beteiligten sichtlich viel Freude. \u00a0","rel":"","context":"In &quot;Aktuelles&quot;","img":{"alt_text":"","src":"https:\/\/i0.wp.com\/derteibinger.at\/wordpress\/wp-content\/uploads\/2017\/05\/Detailanschluss.jpg?resize=350%2C200","width":350,"height":200},"classes":[]},{"id":737,"url":"https:\/\/derteibinger.at\/wordpress\/2020\/09\/15\/737\/","url_meta":{"origin":1209,"position":3},"title":"IBA","date":"15. September 2020","format":false,"excerpt":"der: Ausbildner Mit den Studierenden des Tageskollegs des Bautechnikums auf Besuch bei der IBA \"Wie wohnen wir morgen?\". Hoffentlich in behaglichen Wohnungen, welche aus nachhaltigen Baustoffen in robuster Bauweise errichtet sind.","rel":"","context":"In &quot;Aktuelles&quot;","img":{"alt_text":"","src":"https:\/\/i0.wp.com\/derteibinger.at\/wordpress\/wp-content\/uploads\/2020\/09\/iBA.png?fit=400%2C331&ssl=1&resize=350%2C200","width":350,"height":200},"classes":[]},{"id":340,"url":"https:\/\/derteibinger.at\/wordpress\/2017\/02\/10\/urlaubsgruesse\/","url_meta":{"origin":1209,"position":4},"title":"Urlaubsgr\u00fc\u00dfe","date":"10. Februar 2017","format":false,"excerpt":"der:Urlauber Gr\u00fc\u00dfe vom Skiurlaub aus der Steiermark.","rel":"","context":"In &quot;Aktuelles&quot;","img":{"alt_text":"","src":"","width":0,"height":0},"classes":[]},{"id":352,"url":"https:\/\/derteibinger.at\/wordpress\/2017\/02\/17\/salon-timbatec\/","url_meta":{"origin":1209,"position":5},"title":"Salon Timbatec","date":"17. Februar 2017","format":false,"excerpt":"\u00a0 der:Vortragende Am 15.03.2017 werden Tamir Pixner und ich im Salon Timbatec das Thema Brandschutz entsprechend der Planungsphasen und aus Sicht der Holzbauingenieure beleuchten. Wir freuen uns auf Euer Kommen und auf angeregte Diskussionen.","rel":"","context":"In &quot;Aktuelles&quot;","img":{"alt_text":"","src":"https:\/\/i0.wp.com\/derteibinger.at\/wordpress\/wp-content\/uploads\/2017\/02\/Einladung-SALON-TIMBATEC-170315__.jpg?resize=350%2C200","width":350,"height":200},"classes":[]}],"_links":{"self":[{"href":"https:\/\/derteibinger.at\/wordpress\/wp-json\/wp\/v2\/posts\/1209"}],"collection":[{"href":"https:\/\/derteibinger.at\/wordpress\/wp-json\/wp\/v2\/posts"}],"about":[{"href":"https:\/\/derteibinger.at\/wordpress\/wp-json\/wp\/v2\/types\/post"}],"author":[{"embeddable":true,"href":"https:\/\/derteibinger.at\/wordpress\/wp-json\/wp\/v2\/users\/1"}],"replies":[{"embeddable":true,"href":"https:\/\/derteibinger.at\/wordpress\/wp-json\/wp\/v2\/comments?post=1209"}],"version-history":[{"count":1,"href":"https:\/\/derteibinger.at\/wordpress\/wp-json\/wp\/v2\/posts\/1209\/revisions"}],"predecessor-version":[{"id":1211,"href":"https:\/\/derteibinger.at\/wordpress\/wp-json\/wp\/v2\/posts\/1209\/revisions\/1211"}],"wp:attachment":[{"href":"https:\/\/derteibinger.at\/wordpress\/wp-json\/wp\/v2\/media?parent=1209"}],"wp:term":[{"taxonomy":"category","embeddable":true,"href":"https:\/\/derteibinger.at\/wordpress\/wp-json\/wp\/v2\/categories?post=1209"},{"taxonomy":"post_tag","embeddable":true,"href":"https:\/\/derteibinger.at\/wordpress\/wp-json\/wp\/v2\/tags?post=1209"}],"curies":[{"name":"wp","href":"https:\/\/api.w.org\/{rel}","templated":true}]}}