{"id":1165,"date":"2025-04-18T10:26:00","date_gmt":"2025-04-18T08:26:00","guid":{"rendered":"https:\/\/derteibinger.at\/wordpress\/?p=1165"},"modified":"2025-06-18T10:27:35","modified_gmt":"2025-06-18T08:27:35","slug":"1165","status":"publish","type":"post","link":"https:\/\/derteibinger.at\/wordpress\/2025\/04\/18\/1165\/","title":{"rendered":""},"content":{"rendered":"\n<div class=\"wp-block-media-text alignwide has-media-on-the-right is-stacked-on-mobile\"><figure class=\"wp-block-media-text__media\"><img data-attachment-id=\"1166\" data-permalink=\"https:\/\/derteibinger.at\/wordpress\/2025\/04\/18\/1165\/raumakustik_k\/\" data-orig-file=\"https:\/\/i0.wp.com\/derteibinger.at\/wordpress\/wp-content\/uploads\/2025\/06\/Raumakustik_k.jpg?fit=350%2C341&amp;ssl=1\" data-orig-size=\"350,341\" data-comments-opened=\"0\" data-image-meta=\"{&quot;aperture&quot;:&quot;0&quot;,&quot;credit&quot;:&quot;&quot;,&quot;camera&quot;:&quot;&quot;,&quot;caption&quot;:&quot;&quot;,&quot;created_timestamp&quot;:&quot;0&quot;,&quot;copyright&quot;:&quot;&quot;,&quot;focal_length&quot;:&quot;0&quot;,&quot;iso&quot;:&quot;0&quot;,&quot;shutter_speed&quot;:&quot;0&quot;,&quot;title&quot;:&quot;&quot;,&quot;orientation&quot;:&quot;0&quot;}\" data-image-title=\"Raumakustik_k\" data-image-description=\"\" data-image-caption=\"\" data-medium-file=\"https:\/\/i0.wp.com\/derteibinger.at\/wordpress\/wp-content\/uploads\/2025\/06\/Raumakustik_k.jpg?fit=300%2C292&amp;ssl=1\" data-large-file=\"https:\/\/i0.wp.com\/derteibinger.at\/wordpress\/wp-content\/uploads\/2025\/06\/Raumakustik_k.jpg?fit=350%2C341&amp;ssl=1\" loading=\"lazy\" width=\"350\" height=\"341\" src=\"https:\/\/i0.wp.com\/derteibinger.at\/wordpress\/wp-content\/uploads\/2025\/06\/Raumakustik_k.jpg?resize=350%2C341&#038;ssl=1\" alt=\"\" class=\"wp-image-1166 size-full\" srcset=\"https:\/\/i0.wp.com\/derteibinger.at\/wordpress\/wp-content\/uploads\/2025\/06\/Raumakustik_k.jpg?w=350&amp;ssl=1 350w, https:\/\/i0.wp.com\/derteibinger.at\/wordpress\/wp-content\/uploads\/2025\/06\/Raumakustik_k.jpg?resize=300%2C292&amp;ssl=1 300w\" sizes=\"(max-width: 350px) 100vw, 350px\" data-recalc-dims=\"1\" \/><\/figure><div class=\"wp-block-media-text__content\">\n<p class=\"has-vivid-red-color has-text-color\"><strong>der:Berater<\/strong><\/p>\n\n\n\n<p>Verschlechterung der Raumakustik in einer Kirche aufgrund neuer &#8222;harter&#8220; Vert\u00e4felung.<\/p>\n<\/div><\/div>\n","protected":false},"excerpt":{"rendered":"<p>der:Berater Verschlechterung der Raumakustik in einer Kirche aufgrund neuer &#8222;harter&#8220; Vert\u00e4felung.<\/p>\n","protected":false},"author":1,"featured_media":0,"comment_status":"closed","ping_status":"open","sticky":false,"template":"","format":"standard","meta":{"ngg_post_thumbnail":0,"jetpack_post_was_ever_published":false,"jetpack_publicize_message":"","jetpack_is_tweetstorm":false,"jetpack_publicize_feature_enabled":true,"jetpack_social_post_already_shared":true,"jetpack_social_options":{"image_generator_settings":{"template":"highway","enabled":false}}},"categories":[1],"tags":[],"jetpack_publicize_connections":[],"jetpack_featured_media_url":"","jetpack_sharing_enabled":true,"jetpack_shortlink":"https:\/\/wp.me\/s8k7pI-1165","jetpack-related-posts":[{"id":657,"url":"https:\/\/derteibinger.at\/wordpress\/2020\/02\/17\/auszeit\/","url_meta":{"origin":1165,"position":0},"title":"Auszeit","date":"17. Februar 2020","format":false,"excerpt":"der:Berater Kurze Auszeit zum Aufladen der Batterien bei strahlendem Sonnenschein in den steirischen Bergen.","rel":"","context":"In &quot;Aktuelles&quot;","img":{"alt_text":"","src":"","width":0,"height":0},"classes":[]},{"id":510,"url":"https:\/\/derteibinger.at\/wordpress\/2018\/01\/27\/510\/","url_meta":{"origin":1165,"position":1},"title":"der: Berater Messung der Luftdichtheit\u2026","date":"27. Januar 2018","format":false,"excerpt":"der: Berater Messung der Luftdichtheit bei einem Kleingartenhaus ohne L\u00fcftungsanlage mit einem n50 von 0,31 h-1. Ist das wirklich der richtige Weg oder sollten wir nicht auch Untergrenzen bei Objekten mit Fensterl\u00fcftung andenken?","rel":"","context":"In &quot;Aktuelles&quot;","img":{"alt_text":"","src":"","width":0,"height":0},"classes":[]},{"id":899,"url":"https:\/\/derteibinger.at\/wordpress\/2021\/08\/11\/hausschwamm\/","url_meta":{"origin":1165,"position":2},"title":"Hausschwamm","date":"11. August 2021","format":false,"excerpt":"der:Berater\"sch\u00f6ner\" Fruchtk\u00f6rper des Echten Hausschwamm","rel":"","context":"In &quot;Aktuelles&quot;","img":{"alt_text":"","src":"","width":0,"height":0},"classes":[]},{"id":584,"url":"https:\/\/derteibinger.at\/wordpress\/2019\/09\/15\/584\/","url_meta":{"origin":1165,"position":3},"title":"der: Berater Im Sommer 2019\u2026","date":"15. September 2019","format":false,"excerpt":"der: Berater Im Sommer 2019 besuchte ich nach fast 20 Jahren wieder die Mitgliedsbetriebe des htt15 und konnte mich von den positiven Entwicklungen der Holzbaubetriebe \u00fcberzeugen lassen. \u00dcberdachung des Lagers mit PV-Modulen bei der Firma Lengauer Stockner in Schwoich. Infos zum Verein: https:\/\/www.htt15.at\/","rel":"","context":"In &quot;Aktuelles&quot;","img":{"alt_text":"","src":"https:\/\/i0.wp.com\/derteibinger.at\/wordpress\/wp-content\/uploads\/2020\/01\/Lengauer-Stockner_k.jpg?resize=350%2C200","width":350,"height":200},"classes":[]},{"id":746,"url":"https:\/\/derteibinger.at\/wordpress\/2020\/09\/08\/746\/","url_meta":{"origin":1165,"position":4},"title":"Morgenstimmung","date":"8. September 2020","format":false,"excerpt":"der:Berater Wunderbare Morgenstimmung am Weg mit dem Rad in die Schule. Was einem beim Autofahren alles entgehen kann. ;-)","rel":"","context":"In &quot;Aktuelles&quot;","img":{"alt_text":"","src":"https:\/\/i0.wp.com\/derteibinger.at\/wordpress\/wp-content\/uploads\/2020\/09\/Morgenstimmung.png?resize=350%2C200&ssl=1","width":350,"height":200},"classes":[]},{"id":636,"url":"https:\/\/derteibinger.at\/wordpress\/2020\/01\/02\/636\/","url_meta":{"origin":1165,"position":5},"title":"der:Berater Ein lieber Freund und\u2026","date":"2. Januar 2020","format":false,"excerpt":"der:Berater Ein lieber Freund und langj\u00e4hriger Aktivist f\u00fcr eine bessere Zukunft unserer Kinder hat mir zu Weihnachten das Buch \"Zwei Grad. Eine Tonne\" geschenkt. Christof Drexel erl\u00e4utert darin anschaulich, wie wir aus der Klimakrise kommen k\u00f6nnen und welche Ma\u00dfnahmen wir alle setzen m\u00fcssen. Informationen unter: https:\/\/www.zwei-grad-eine-tonne.at\/home-1","rel":"","context":"In &quot;Aktuelles&quot;","img":{"alt_text":"","src":"","width":0,"height":0},"classes":[]}],"_links":{"self":[{"href":"https:\/\/derteibinger.at\/wordpress\/wp-json\/wp\/v2\/posts\/1165"}],"collection":[{"href":"https:\/\/derteibinger.at\/wordpress\/wp-json\/wp\/v2\/posts"}],"about":[{"href":"https:\/\/derteibinger.at\/wordpress\/wp-json\/wp\/v2\/types\/post"}],"author":[{"embeddable":true,"href":"https:\/\/derteibinger.at\/wordpress\/wp-json\/wp\/v2\/users\/1"}],"replies":[{"embeddable":true,"href":"https:\/\/derteibinger.at\/wordpress\/wp-json\/wp\/v2\/comments?post=1165"}],"version-history":[{"count":1,"href":"https:\/\/derteibinger.at\/wordpress\/wp-json\/wp\/v2\/posts\/1165\/revisions"}],"predecessor-version":[{"id":1167,"href":"https:\/\/derteibinger.at\/wordpress\/wp-json\/wp\/v2\/posts\/1165\/revisions\/1167"}],"wp:attachment":[{"href":"https:\/\/derteibinger.at\/wordpress\/wp-json\/wp\/v2\/media?parent=1165"}],"wp:term":[{"taxonomy":"category","embeddable":true,"href":"https:\/\/derteibinger.at\/wordpress\/wp-json\/wp\/v2\/categories?post=1165"},{"taxonomy":"post_tag","embeddable":true,"href":"https:\/\/derteibinger.at\/wordpress\/wp-json\/wp\/v2\/tags?post=1165"}],"curies":[{"name":"wp","href":"https:\/\/api.w.org\/{rel}","templated":true}]}}