{"id":1161,"date":"2025-06-18T10:23:03","date_gmt":"2025-06-18T08:23:03","guid":{"rendered":"https:\/\/derteibinger.at\/wordpress\/?p=1161"},"modified":"2025-06-18T10:23:03","modified_gmt":"2025-06-18T08:23:03","slug":"1161","status":"publish","type":"post","link":"https:\/\/derteibinger.at\/wordpress\/2025\/06\/18\/1161\/","title":{"rendered":""},"content":{"rendered":"\n<div class=\"wp-block-media-text alignwide is-stacked-on-mobile\"><figure class=\"wp-block-media-text__media\"><img data-attachment-id=\"1162\" data-permalink=\"https:\/\/derteibinger.at\/wordpress\/2025\/06\/18\/1161\/baumgarten_k\/\" data-orig-file=\"https:\/\/i0.wp.com\/derteibinger.at\/wordpress\/wp-content\/uploads\/2025\/06\/Baumgarten_K.jpg?fit=300%2C193&amp;ssl=1\" data-orig-size=\"300,193\" data-comments-opened=\"0\" data-image-meta=\"{&quot;aperture&quot;:&quot;0&quot;,&quot;credit&quot;:&quot;&quot;,&quot;camera&quot;:&quot;&quot;,&quot;caption&quot;:&quot;&quot;,&quot;created_timestamp&quot;:&quot;0&quot;,&quot;copyright&quot;:&quot;&quot;,&quot;focal_length&quot;:&quot;0&quot;,&quot;iso&quot;:&quot;0&quot;,&quot;shutter_speed&quot;:&quot;0&quot;,&quot;title&quot;:&quot;&quot;,&quot;orientation&quot;:&quot;0&quot;}\" data-image-title=\"Baumgarten_K\" data-image-description=\"\" data-image-caption=\"\" data-medium-file=\"https:\/\/i0.wp.com\/derteibinger.at\/wordpress\/wp-content\/uploads\/2025\/06\/Baumgarten_K.jpg?fit=300%2C193&amp;ssl=1\" data-large-file=\"https:\/\/i0.wp.com\/derteibinger.at\/wordpress\/wp-content\/uploads\/2025\/06\/Baumgarten_K.jpg?fit=300%2C193&amp;ssl=1\" loading=\"lazy\" width=\"300\" height=\"193\" src=\"https:\/\/i0.wp.com\/derteibinger.at\/wordpress\/wp-content\/uploads\/2025\/06\/Baumgarten_K.jpg?resize=300%2C193&#038;ssl=1\" alt=\"\" class=\"wp-image-1162 size-full\" data-recalc-dims=\"1\"\/><\/figure><div class=\"wp-block-media-text__content\">\n<p class=\"has-text-align-justify has-vivid-red-color has-text-color\"><strong>der:Autor<\/strong><\/p>\n\n\n\n<p class=\"has-text-align-justify\">Besuch der Firma Holzbau Baumgarten im Rahmen des Redaktionstreffens der Zeitschrift Holzbau die neue Quadriga am 13. und 14.06.<\/p>\n<\/div><\/div>\n","protected":false},"excerpt":{"rendered":"<p>der:Autor Besuch der Firma Holzbau Baumgarten im Rahmen des Redaktionstreffens der Zeitschrift Holzbau die neue Quadriga am 13. und 14.06.<\/p>\n","protected":false},"author":1,"featured_media":0,"comment_status":"closed","ping_status":"open","sticky":false,"template":"","format":"standard","meta":{"ngg_post_thumbnail":0,"jetpack_post_was_ever_published":false,"jetpack_publicize_message":"","jetpack_is_tweetstorm":false,"jetpack_publicize_feature_enabled":true,"jetpack_social_post_already_shared":true,"jetpack_social_options":{"image_generator_settings":{"template":"highway","enabled":false}}},"categories":[1],"tags":[],"jetpack_publicize_connections":[],"jetpack_featured_media_url":"","jetpack_sharing_enabled":true,"jetpack_shortlink":"https:\/\/wp.me\/s8k7pI-1161","jetpack-related-posts":[{"id":1042,"url":"https:\/\/derteibinger.at\/wordpress\/2022\/09\/21\/1042\/","url_meta":{"origin":1161,"position":0},"title":"der:Netzwerker \"Rahmenprogramm\" w\u00e4hrend des Redaktionstreffens\u2026","date":"21. September 2022","format":false,"excerpt":"der:Netzwerker \"Rahmenprogramm\" w\u00e4hrend des Redaktionstreffens der Zeitschrift \"Holzbau die neue quadriga\" bei der Firma Binderholz Bausysteme in Hallein","rel":"","context":"In &quot;Aktuelles&quot;","img":{"alt_text":"","src":"","width":0,"height":0},"classes":[]},{"id":1132,"url":"https:\/\/derteibinger.at\/wordpress\/2024\/05\/31\/1132\/","url_meta":{"origin":1161,"position":1},"title":"der:Netzwerker \"UFO-Landeplatz\" in Schwetzingen:Gesehen im\u2026","date":"31. Mai 2024","format":false,"excerpt":"der:Netzwerker \"UFO-Landeplatz\" in Schwetzingen:Gesehen im Rahmen des Redaktionstreffen der Zeitschrift \"Holzbau-die neue Quadriga\" diesmal bei der Firma pro clima.","rel":"","context":"In &quot;Aktuelles&quot;","img":{"alt_text":"","src":"","width":0,"height":0},"classes":[]},{"id":530,"url":"https:\/\/derteibinger.at\/wordpress\/2018\/05\/30\/530\/","url_meta":{"origin":1161,"position":2},"title":"der: Fachautor Es freut mich,\u2026","date":"30. Mai 2018","format":false,"excerpt":"der: Fachautor Es freut mich, dass ich ins Redaktionsteam der Zeitschrift \"Holzbau - die neue quadriga\" aufgenommen wurde. Die Zeitschrift bietet f\u00fcr alle die im Holzhausbau planerisch und\/oder ausf\u00fchrend t\u00e4tig sind wichtige technische Informationen. Details zur Zeitschrift k\u00f6nnen\u00a0 https:\/\/holzbau-dnq.de entnommen werden.","rel":"","context":"In &quot;Aktuelles&quot;","img":{"alt_text":"","src":"https:\/\/i0.wp.com\/derteibinger.at\/wordpress\/wp-content\/uploads\/2018\/07\/Holzbau_6_2017_k.jpg?resize=350%2C200","width":350,"height":200},"classes":[]},{"id":1073,"url":"https:\/\/derteibinger.at\/wordpress\/2023\/06\/29\/1073\/","url_meta":{"origin":1161,"position":3},"title":"der:Fachautor j\u00e4hrliches Redaktionstreffen der Zeitschrift\u2026","date":"29. Juni 2023","format":false,"excerpt":"der:Fachautor j\u00e4hrliches Redaktionstreffen der Zeitschrift \"Holzbau die neue quadriga\" diesmal im sch\u00f6nen S\u00fcdtirol bei der Firma Rothoblaas","rel":"","context":"In &quot;Aktuelles&quot;","img":{"alt_text":"","src":"https:\/\/i0.wp.com\/derteibinger.at\/wordpress\/wp-content\/uploads\/2023\/08\/Rothoblass.jpg?resize=350%2C200&ssl=1","width":350,"height":200},"classes":[]},{"id":764,"url":"https:\/\/derteibinger.at\/wordpress\/2020\/07\/30\/redaktionstreffen\/","url_meta":{"origin":1161,"position":4},"title":"Redaktionstreffen","date":"30. Juli 2020","format":false,"excerpt":"der:Fachautor Am Weg zum Redaktionstreffen der Zeitschrift Holzbau die neue quadriga in Bayern. Infos zu der Holzbauzeitschrift: https:\/\/holzbau-dnq.de\/home.html","rel":"","context":"In &quot;Aktuelles&quot;","img":{"alt_text":"","src":"https:\/\/i0.wp.com\/derteibinger.at\/wordpress\/wp-content\/uploads\/2020\/09\/Redaktionstreffen_20200730_172854.jpg?resize=350%2C200&ssl=1","width":350,"height":200},"classes":[]},{"id":588,"url":"https:\/\/derteibinger.at\/wordpress\/2019\/05\/25\/588\/","url_meta":{"origin":1161,"position":5},"title":"der:Netzwerker Auf Exkursion mit dem\u2026","date":"25. Mai 2019","format":false,"excerpt":"der:Netzwerker Auf Exkursion mit dem Redaktionsteam der \"Holzbau die neue quadriga\" in Hessen zum Fachwerkbesichtigen f\u00fcr ein neues Condetti vor der 25 Jahrfeier der bauart von Stefan Winter am 18.05.2019. Infos zur Zeitschrift unter: https:\/\/holzbau-dnq.de\/home.html","rel":"","context":"In &quot;Aktuelles&quot;","img":{"alt_text":"","src":"https:\/\/i0.wp.com\/derteibinger.at\/wordpress\/wp-content\/uploads\/2020\/01\/20190518_105557_Fachwerk_k.jpg?resize=350%2C200","width":350,"height":200},"classes":[]}],"_links":{"self":[{"href":"https:\/\/derteibinger.at\/wordpress\/wp-json\/wp\/v2\/posts\/1161"}],"collection":[{"href":"https:\/\/derteibinger.at\/wordpress\/wp-json\/wp\/v2\/posts"}],"about":[{"href":"https:\/\/derteibinger.at\/wordpress\/wp-json\/wp\/v2\/types\/post"}],"author":[{"embeddable":true,"href":"https:\/\/derteibinger.at\/wordpress\/wp-json\/wp\/v2\/users\/1"}],"replies":[{"embeddable":true,"href":"https:\/\/derteibinger.at\/wordpress\/wp-json\/wp\/v2\/comments?post=1161"}],"version-history":[{"count":2,"href":"https:\/\/derteibinger.at\/wordpress\/wp-json\/wp\/v2\/posts\/1161\/revisions"}],"predecessor-version":[{"id":1164,"href":"https:\/\/derteibinger.at\/wordpress\/wp-json\/wp\/v2\/posts\/1161\/revisions\/1164"}],"wp:attachment":[{"href":"https:\/\/derteibinger.at\/wordpress\/wp-json\/wp\/v2\/media?parent=1161"}],"wp:term":[{"taxonomy":"category","embeddable":true,"href":"https:\/\/derteibinger.at\/wordpress\/wp-json\/wp\/v2\/categories?post=1161"},{"taxonomy":"post_tag","embeddable":true,"href":"https:\/\/derteibinger.at\/wordpress\/wp-json\/wp\/v2\/tags?post=1161"}],"curies":[{"name":"wp","href":"https:\/\/api.w.org\/{rel}","templated":true}]}}