{"id":1151,"date":"2024-07-14T14:21:00","date_gmt":"2024-07-14T12:21:00","guid":{"rendered":"https:\/\/derteibinger.at\/wordpress\/?p=1151"},"modified":"2024-06-23T14:22:20","modified_gmt":"2024-06-23T12:22:20","slug":"1151","status":"publish","type":"post","link":"https:\/\/derteibinger.at\/wordpress\/2024\/07\/14\/1151\/","title":{"rendered":""},"content":{"rendered":"\n<p class=\"has-vivid-red-color has-text-color\"><strong>der:Radler<\/strong><\/p>\n\n\n\n<div class=\"wp-block-media-text alignwide has-media-on-the-right is-stacked-on-mobile\"><figure class=\"wp-block-media-text__media\"><img data-attachment-id=\"1152\" data-permalink=\"https:\/\/derteibinger.at\/wordpress\/2024\/07\/14\/1151\/sabbatical-800x450_1-800x450_k\/\" data-orig-file=\"https:\/\/i0.wp.com\/derteibinger.at\/wordpress\/wp-content\/uploads\/2024\/06\/Sabbatical-800x450_1-800x450_k.jpg?fit=300%2C169&amp;ssl=1\" data-orig-size=\"300,169\" data-comments-opened=\"0\" data-image-meta=\"{&quot;aperture&quot;:&quot;0&quot;,&quot;credit&quot;:&quot;&quot;,&quot;camera&quot;:&quot;&quot;,&quot;caption&quot;:&quot;&quot;,&quot;created_timestamp&quot;:&quot;0&quot;,&quot;copyright&quot;:&quot;&quot;,&quot;focal_length&quot;:&quot;0&quot;,&quot;iso&quot;:&quot;0&quot;,&quot;shutter_speed&quot;:&quot;0&quot;,&quot;title&quot;:&quot;&quot;,&quot;orientation&quot;:&quot;0&quot;}\" data-image-title=\"Sabbatical-800x450_1-800x450_k\" data-image-description=\"\" data-image-caption=\"\" data-medium-file=\"https:\/\/i0.wp.com\/derteibinger.at\/wordpress\/wp-content\/uploads\/2024\/06\/Sabbatical-800x450_1-800x450_k.jpg?fit=300%2C169&amp;ssl=1\" data-large-file=\"https:\/\/i0.wp.com\/derteibinger.at\/wordpress\/wp-content\/uploads\/2024\/06\/Sabbatical-800x450_1-800x450_k.jpg?fit=300%2C169&amp;ssl=1\" loading=\"lazy\" width=\"300\" height=\"169\" src=\"https:\/\/i0.wp.com\/derteibinger.at\/wordpress\/wp-content\/uploads\/2024\/06\/Sabbatical-800x450_1-800x450_k.jpg?resize=300%2C169&#038;ssl=1\" alt=\"\" class=\"wp-image-1152 size-full\" data-recalc-dims=\"1\"\/><\/figure><div class=\"wp-block-media-text__content\">\n<p>Es gibt eine Zeit der Arbeit und es gibt eine Zeit der Erholung und des Innegehens. In diesem Sinne nehme ich mir bis Anfang Oktober eine Auszeit f\u00fcr eine l\u00e4ngere Radtour.<\/p>\n\n\n\n<p class=\"has-small-font-size\">Bild: https:\/\/www.ibb.com <\/p>\n<\/div><\/div>\n","protected":false},"excerpt":{"rendered":"<p>der:Radler Es gibt eine Zeit der Arbeit und es gibt eine Zeit der Erholung und des Innegehens. In diesem Sinne nehme ich mir bis Anfang Oktober eine Auszeit f\u00fcr eine l\u00e4ngere Radtour. Bild: https:\/\/www.ibb.com<\/p>\n","protected":false},"author":2,"featured_media":0,"comment_status":"closed","ping_status":"open","sticky":false,"template":"","format":"standard","meta":{"ngg_post_thumbnail":0,"jetpack_post_was_ever_published":false,"jetpack_publicize_message":"","jetpack_is_tweetstorm":false,"jetpack_publicize_feature_enabled":true,"jetpack_social_post_already_shared":true,"jetpack_social_options":{"image_generator_settings":{"template":"highway","enabled":false}}},"categories":[1],"tags":[],"jetpack_publicize_connections":[],"jetpack_featured_media_url":"","jetpack_sharing_enabled":true,"jetpack_shortlink":"https:\/\/wp.me\/s8k7pI-1151","jetpack-related-posts":[{"id":636,"url":"https:\/\/derteibinger.at\/wordpress\/2020\/01\/02\/636\/","url_meta":{"origin":1151,"position":0},"title":"der:Berater Ein lieber Freund und\u2026","date":"2. Januar 2020","format":false,"excerpt":"der:Berater Ein lieber Freund und langj\u00e4hriger Aktivist f\u00fcr eine bessere Zukunft unserer Kinder hat mir zu Weihnachten das Buch \"Zwei Grad. Eine Tonne\" geschenkt. Christof Drexel erl\u00e4utert darin anschaulich, wie wir aus der Klimakrise kommen k\u00f6nnen und welche Ma\u00dfnahmen wir alle setzen m\u00fcssen. Informationen unter: https:\/\/www.zwei-grad-eine-tonne.at\/home-1","rel":"","context":"In &quot;Aktuelles&quot;","img":{"alt_text":"","src":"","width":0,"height":0},"classes":[]},{"id":488,"url":"https:\/\/derteibinger.at\/wordpress\/2017\/11\/15\/downloads\/","url_meta":{"origin":1151,"position":1},"title":"Downloads","date":"15. November 2017","format":false,"excerpt":"der:Fachautor Zwei neue Beitr\u00e4ge sind zu den Themen Brandschutz und Feuchteschutz neu im download abrufbar. Es handelt sich um eine informative Zusammenstellung von konstruktiven Ma\u00dfnahmen zur Erreichung von Feuerwiderst\u00e4nden und um einen Fachbeitrag, der in der mikado erscheint.","rel":"","context":"In &quot;Aktuelles&quot;","img":{"alt_text":"","src":"","width":0,"height":0},"classes":[]},{"id":604,"url":"https:\/\/derteibinger.at\/wordpress\/2019\/11\/30\/604\/","url_meta":{"origin":1151,"position":2},"title":"der:Vortragende Es ist mir eine\u2026","date":"30. November 2019","format":false,"excerpt":"der:Vortragende Es ist mir eine besondere Freude, dass ich auch zum 11. Internationalen Holz[Bau]Physik-Kongress als Referent nach Leipzig eingeladen wurde. Details zum vielf\u00e4ltigen und interessanten Programm k\u00f6nnen https:\/\/holzbauphysik-kongress.de\/media\/Flyer_11_IHBP-Kongress_2020.pdf entnommen werden. Leipzig ist auf alle F\u00e4lle eine Reise wert. :-)","rel":"","context":"In &quot;Aktuelles&quot;","img":{"alt_text":"","src":"https:\/\/i0.wp.com\/derteibinger.at\/wordpress\/wp-content\/uploads\/2020\/01\/Leipzig_k.jpg?resize=350%2C200","width":350,"height":200},"classes":[]},{"id":463,"url":"https:\/\/derteibinger.at\/wordpress\/2017\/10\/16\/463\/","url_meta":{"origin":1151,"position":3},"title":"MHC-Holzbau_kompakt","date":"16. Oktober 2017","format":false,"excerpt":"der: Vortragende Die Auswahl des Deckensystems ist nicht nur eine Glaubensfrage. Vielmehr gilt es auf Basis der Anforderungen und der bauphysikalischen Faktoren, das jeweils bestgeeignetste System zu w\u00e4hlen. Einen direkten Vergleich werde ich im Rahmen der MHC Veranstaltung holzbautechnik_kompakt liefern. Details zur Veranstaltung: http:\/\/www.m-h-c.at\/veranstaltungen\/61347A7B-00BB-E611-80D0-005056B64150\/ \u00a0 \u00a0","rel":"","context":"In &quot;Aktuelles&quot;","img":{"alt_text":"","src":"","width":0,"height":0},"classes":[]},{"id":1147,"url":"https:\/\/derteibinger.at\/wordpress\/2024\/05\/24\/1147\/","url_meta":{"origin":1151,"position":4},"title":"der:Vortragende Ergebnisse des gemeinsam mit\u2026","date":"24. Mai 2024","format":false,"excerpt":"der:Vortragende Ergebnisse des gemeinsam mit Robert Borsch-Laaks bei der Firma Sigha in Gmunden abgehaltenen Condetti-Workshops. Bei den Teilnehmenden war eine gute Mischung aus Planung und Ausf\u00fchrung vorhanden und es machte richtig Spass.","rel":"","context":"In &quot;Aktuelles&quot;","img":{"alt_text":"","src":"https:\/\/i0.wp.com\/derteibinger.at\/wordpress\/wp-content\/uploads\/2024\/06\/Condetti-workshop_k.png?resize=350%2C200&ssl=1","width":350,"height":200},"classes":[]},{"id":425,"url":"https:\/\/derteibinger.at\/wordpress\/2017\/05\/31\/stimmtraining\/","url_meta":{"origin":1151,"position":5},"title":"Stimmtraining","date":"31. Mai 2017","format":false,"excerpt":"der:Ausbildner Im Rahmen der Lehrerausbildung konnte ich ein mehrt\u00e4giges Stimmtraining beim ORF absolvieren. Dabei wurden unter anderem auch Aufnahmen im Tonstudio erstellt und anschlie\u00dfend von StimmtrainerInnen und RedakteurInnen des ORF analysiert. Alles in allem eine sehr gute Erfahrung.","rel":"","context":"In &quot;Aktuelles&quot;","img":{"alt_text":"","src":"","width":0,"height":0},"classes":[]}],"_links":{"self":[{"href":"https:\/\/derteibinger.at\/wordpress\/wp-json\/wp\/v2\/posts\/1151"}],"collection":[{"href":"https:\/\/derteibinger.at\/wordpress\/wp-json\/wp\/v2\/posts"}],"about":[{"href":"https:\/\/derteibinger.at\/wordpress\/wp-json\/wp\/v2\/types\/post"}],"author":[{"embeddable":true,"href":"https:\/\/derteibinger.at\/wordpress\/wp-json\/wp\/v2\/users\/2"}],"replies":[{"embeddable":true,"href":"https:\/\/derteibinger.at\/wordpress\/wp-json\/wp\/v2\/comments?post=1151"}],"version-history":[{"count":1,"href":"https:\/\/derteibinger.at\/wordpress\/wp-json\/wp\/v2\/posts\/1151\/revisions"}],"predecessor-version":[{"id":1153,"href":"https:\/\/derteibinger.at\/wordpress\/wp-json\/wp\/v2\/posts\/1151\/revisions\/1153"}],"wp:attachment":[{"href":"https:\/\/derteibinger.at\/wordpress\/wp-json\/wp\/v2\/media?parent=1151"}],"wp:term":[{"taxonomy":"category","embeddable":true,"href":"https:\/\/derteibinger.at\/wordpress\/wp-json\/wp\/v2\/categories?post=1151"},{"taxonomy":"post_tag","embeddable":true,"href":"https:\/\/derteibinger.at\/wordpress\/wp-json\/wp\/v2\/tags?post=1151"}],"curies":[{"name":"wp","href":"https:\/\/api.w.org\/{rel}","templated":true}]}}