{"id":1079,"date":"2023-07-02T21:45:00","date_gmt":"2023-07-02T19:45:00","guid":{"rendered":"https:\/\/derteibinger.at\/wordpress\/?p=1079"},"modified":"2023-08-21T21:47:42","modified_gmt":"2023-08-21T19:47:42","slug":"1079","status":"publish","type":"post","link":"https:\/\/derteibinger.at\/wordpress\/2023\/07\/02\/1079\/","title":{"rendered":""},"content":{"rendered":"\n<div class=\"wp-block-media-text alignwide has-media-on-the-right is-stacked-on-mobile\" style=\"grid-template-columns:auto 47%\"><figure class=\"wp-block-media-text__media\"><img data-attachment-id=\"1080\" data-permalink=\"https:\/\/derteibinger.at\/wordpress\/2023\/07\/02\/1079\/sockel-2\/\" data-orig-file=\"https:\/\/i0.wp.com\/derteibinger.at\/wordpress\/wp-content\/uploads\/2023\/08\/Sockel.jpg?fit=350%2C233&amp;ssl=1\" data-orig-size=\"350,233\" data-comments-opened=\"0\" data-image-meta=\"{&quot;aperture&quot;:&quot;0&quot;,&quot;credit&quot;:&quot;&quot;,&quot;camera&quot;:&quot;&quot;,&quot;caption&quot;:&quot;&quot;,&quot;created_timestamp&quot;:&quot;0&quot;,&quot;copyright&quot;:&quot;&quot;,&quot;focal_length&quot;:&quot;0&quot;,&quot;iso&quot;:&quot;0&quot;,&quot;shutter_speed&quot;:&quot;0&quot;,&quot;title&quot;:&quot;&quot;,&quot;orientation&quot;:&quot;0&quot;}\" data-image-title=\"Sockel\" data-image-description=\"\" data-image-caption=\"\" data-medium-file=\"https:\/\/i0.wp.com\/derteibinger.at\/wordpress\/wp-content\/uploads\/2023\/08\/Sockel.jpg?fit=300%2C200&amp;ssl=1\" data-large-file=\"https:\/\/i0.wp.com\/derteibinger.at\/wordpress\/wp-content\/uploads\/2023\/08\/Sockel.jpg?fit=350%2C233&amp;ssl=1\" loading=\"lazy\" width=\"350\" height=\"233\" src=\"https:\/\/i0.wp.com\/derteibinger.at\/wordpress\/wp-content\/uploads\/2023\/08\/Sockel.jpg?resize=350%2C233&#038;ssl=1\" alt=\"\" class=\"wp-image-1080 size-full\" srcset=\"https:\/\/i0.wp.com\/derteibinger.at\/wordpress\/wp-content\/uploads\/2023\/08\/Sockel.jpg?w=350&amp;ssl=1 350w, https:\/\/i0.wp.com\/derteibinger.at\/wordpress\/wp-content\/uploads\/2023\/08\/Sockel.jpg?resize=300%2C200&amp;ssl=1 300w\" sizes=\"(max-width: 350px) 100vw, 350px\" data-recalc-dims=\"1\" \/><\/figure><div class=\"wp-block-media-text__content\">\n<p><strong>der:<mark style=\"background-color:rgba(0, 0, 0, 0)\" class=\"has-inline-color has-vivid-red-color\">Berater<\/mark><\/strong><\/p>\n\n\n\n<p>Nachtr\u00e4glich bauherrnseits angehobenes Niveau im Bereich einer Holzst\u00fctze der Terrassen\u00fcberdachung f\u00fchrt zu einer eingeschr\u00e4nkten Lebensdauer der Konstruktion<\/p>\n<\/div><\/div>\n","protected":false},"excerpt":{"rendered":"<p>der:Berater Nachtr\u00e4glich bauherrnseits angehobenes Niveau im Bereich einer Holzst\u00fctze der Terrassen\u00fcberdachung f\u00fchrt zu einer eingeschr\u00e4nkten Lebensdauer der Konstruktion<\/p>\n","protected":false},"author":1,"featured_media":0,"comment_status":"closed","ping_status":"open","sticky":false,"template":"","format":"standard","meta":{"ngg_post_thumbnail":0,"jetpack_post_was_ever_published":false,"jetpack_publicize_message":"","jetpack_is_tweetstorm":false,"jetpack_publicize_feature_enabled":true,"jetpack_social_post_already_shared":true,"jetpack_social_options":{"image_generator_settings":{"template":"highway","enabled":false}}},"categories":[1],"tags":[],"jetpack_publicize_connections":[],"jetpack_featured_media_url":"","jetpack_sharing_enabled":true,"jetpack_shortlink":"https:\/\/wp.me\/s8k7pI-1079","jetpack-related-posts":[{"id":1165,"url":"https:\/\/derteibinger.at\/wordpress\/2025\/04\/18\/1165\/","url_meta":{"origin":1079,"position":0},"title":"der:Berater Verschlechterung der Raumakustik in\u2026","date":"18. April 2025","format":false,"excerpt":"der:Berater Verschlechterung der Raumakustik in einer Kirche aufgrund neuer \"harter\" Vert\u00e4felung.","rel":"","context":"In &quot;Aktuelles&quot;","img":{"alt_text":"","src":"https:\/\/i0.wp.com\/derteibinger.at\/wordpress\/wp-content\/uploads\/2025\/06\/Raumakustik_k.jpg?resize=350%2C200&ssl=1","width":350,"height":200},"classes":[]},{"id":884,"url":"https:\/\/derteibinger.at\/wordpress\/2021\/08\/08\/abdichtung\/","url_meta":{"origin":1079,"position":1},"title":"Abdichtung","date":"8. August 2021","format":false,"excerpt":"der:Gutachterfehlende Abdichtung im Badezimmer bei einer Massivholzdecke","rel":"","context":"In &quot;Aktuelles&quot;","img":{"alt_text":"","src":"","width":0,"height":0},"classes":[]},{"id":432,"url":"https:\/\/derteibinger.at\/wordpress\/2017\/06\/14\/scherversuche-holzbetonverbund\/","url_meta":{"origin":1079,"position":2},"title":"Scherversuche Holzbetonverbund","date":"14. Juni 2017","format":false,"excerpt":"der:Berater Erste Scherversuche an Holzbetonverbundelementen im Rahmen des Innovationsschecks einer \u00f6sterreichischen Softwarefirma f\u00fcr Holzbaustatik an der Camillo Sitte Versuchsanstalt f\u00fcr Bautechnik.","rel":"","context":"In &quot;Aktuelles&quot;","img":{"alt_text":"","src":"","width":0,"height":0},"classes":[]},{"id":359,"url":"https:\/\/derteibinger.at\/wordpress\/2017\/02\/28\/camillo-sitte-symposium\/","url_meta":{"origin":1079,"position":3},"title":"Camillo Sitte Symposium","date":"28. Februar 2017","format":false,"excerpt":"der:Ausbildner Besichtigung der Sanierung des Dachstuhles und der Errichtung der Holzbetonverbunddecke der Zahnklinik in der Sensengasse im Rahmen des Camillo Sitte Symposiums. weitere Infos unter: https:\/\/9camillosittesymposium.com\/","rel":"","context":"In &quot;Aktuelles&quot;","img":{"alt_text":"","src":"","width":0,"height":0},"classes":[]},{"id":1127,"url":"https:\/\/derteibinger.at\/wordpress\/2024\/05\/15\/1127\/","url_meta":{"origin":1079,"position":4},"title":"der:Gutachter Einbringen einer ungebundenen Sch\u00fcttung\u2026","date":"15. Mai 2024","format":false,"excerpt":"der:Gutachter Einbringen einer ungebundenen Sch\u00fcttung auf einer Brettsperrholzdecke mit geringem Wassergehalt.","rel":"","context":"In &quot;Aktuelles&quot;","img":{"alt_text":"","src":"","width":0,"height":0},"classes":[]},{"id":383,"url":"https:\/\/derteibinger.at\/wordpress\/2017\/04\/12\/383\/","url_meta":{"origin":1079,"position":5},"title":"der: Ausbildner Am Samstag, 08.04.2017\u2026","date":"12. April 2017","format":false,"excerpt":"der: Ausbildner Am Samstag, 08.04.2017 konnte mit den Teilnehmern des von der FFG gef\u00f6rderten Qualifizierungsprojektes \"Mehrgeschossige Holz- und Hybridbauweise\" in Heidenreichstein der erfolgreiche Abschluss der umfangreichen Projektarbeiten gefeiert werden. Im Rahmen der Abschlussveranstaltung am 29.04.2017 werden die Ergebnisse\u00a0 der \u00d6ffentlichkeit pr\u00e4sentiert werden.","rel":"","context":"In &quot;Aktuelles&quot;","img":{"alt_text":"","src":"","width":0,"height":0},"classes":[]}],"_links":{"self":[{"href":"https:\/\/derteibinger.at\/wordpress\/wp-json\/wp\/v2\/posts\/1079"}],"collection":[{"href":"https:\/\/derteibinger.at\/wordpress\/wp-json\/wp\/v2\/posts"}],"about":[{"href":"https:\/\/derteibinger.at\/wordpress\/wp-json\/wp\/v2\/types\/post"}],"author":[{"embeddable":true,"href":"https:\/\/derteibinger.at\/wordpress\/wp-json\/wp\/v2\/users\/1"}],"replies":[{"embeddable":true,"href":"https:\/\/derteibinger.at\/wordpress\/wp-json\/wp\/v2\/comments?post=1079"}],"version-history":[{"count":1,"href":"https:\/\/derteibinger.at\/wordpress\/wp-json\/wp\/v2\/posts\/1079\/revisions"}],"predecessor-version":[{"id":1081,"href":"https:\/\/derteibinger.at\/wordpress\/wp-json\/wp\/v2\/posts\/1079\/revisions\/1081"}],"wp:attachment":[{"href":"https:\/\/derteibinger.at\/wordpress\/wp-json\/wp\/v2\/media?parent=1079"}],"wp:term":[{"taxonomy":"category","embeddable":true,"href":"https:\/\/derteibinger.at\/wordpress\/wp-json\/wp\/v2\/categories?post=1079"},{"taxonomy":"post_tag","embeddable":true,"href":"https:\/\/derteibinger.at\/wordpress\/wp-json\/wp\/v2\/tags?post=1079"}],"curies":[{"name":"wp","href":"https:\/\/api.w.org\/{rel}","templated":true}]}}